{"id":576,"date":"2018-12-27T19:51:04","date_gmt":"2018-12-27T18:51:04","guid":{"rendered":"http:\/\/www.joel-villin.fr\/wp\/?p=576"},"modified":"2018-12-27T19:51:04","modified_gmt":"2018-12-27T18:51:04","slug":"mentions-legales","status":"publish","type":"post","link":"http:\/\/www.joel-villin.fr\/wp\/2018\/12\/27\/mentions-legales\/","title":{"rendered":"Mentions L\u00e9gales"},"content":{"rendered":"<p><strong>Conditions d\u2019utilisation<\/strong><\/p>\n<p>Le site accessible par l&rsquo;adresse url suivante : www.joel-villin.fr est exploit\u00e9 dans le respect de la l\u00e9gislation fran\u00e7aise. L\u2019utilisation de ce site est r\u00e9gie par les pr\u00e9sentes conditions g\u00e9n\u00e9rales. En utilisant le site, vous reconnaissez avoir pris connaissance de ces conditions et les avoir accept\u00e9es. Celles-ci pourront \u00eatres modifi\u00e9es \u00e0 tout moment et sans pr\u00e9avis et Jo\u00ebl Villin\u00a0 ne saurait \u00eatre tenu pour responsable en aucune mani\u00e8re d\u2019une mauvaise utilisation du service.<\/p>\n<p><strong>Propri\u00e9t\u00e9 intellectuelle<\/strong><\/p>\n<p>Il est rappel\u00e9 que\u00a0 tout le contenu du pr\u00e9sent site,\u00a0incluant, de fa\u00e7on non limitative, les images, les graphismes, textes etc&#8230;, ainsi que leur mise en forme\u00a0 sont consid\u00e9r\u00e9s comme des \u0153uvres de\u00a0l\u2019esprit b\u00e9n\u00e9ficiant de la protection au titre du droit d\u2019auteur et sont la propri\u00e9t\u00e9 exclusive de Jo\u00ebl Villin.<\/p>\n<p>Toute repr\u00e9sentation ou reproduction, distribution, modification, adaptation, retransmission ou publication, totale ou partielle, permanente ou temporaire\u00a0sur un support informatique et\/ou papier, et par quelque proc\u00e9d\u00e9 que ce soit (notamment par voie de framing*), de\u00a0l\u2019un ou l\u2019autre des \u00e9l\u00e9ments du Site, sans l\u2019accord pr\u00e9alable et expr\u00e8s de Jo\u00ebl Villin\u00a0est interdite, et constitue un acte de contrefa\u00e7on, qui pourra entra\u00eener des condamnations civiles\u00a0 et\/ou p\u00e9nales comme le pr\u00e9voit l\u2019article L335-3 du\u00a0Code de la propri\u00e9t\u00e9 intellectuelle..<\/p>\n<p>Aucun lien hypertexte vers le Site ne peut \u00eatre install\u00e9 sans l\u2019accord pr\u00e9alable et expr\u00e8s de Jo\u00ebl Villin.<\/p>\n<p>*action de capter le contenu de pages d\u2019un site Internet pour le transf\u00e9rer sur son propre site Internet par le biais d&rsquo;un lien hypertexte, en faisant appara\u00eetre ledit contenu comme le sien.<\/p>\n","protected":false},"excerpt":{"rendered":"<p>Conditions d\u2019utilisation Le site accessible par l&rsquo;adresse url suivante : www.joel-villin.fr est exploit\u00e9 dans le respect de la l\u00e9gislation fran\u00e7aise. L\u2019utilisation de ce site est r\u00e9gie par les pr\u00e9sentes conditions g\u00e9n\u00e9rales. En utilisant le site, vous reconnaissez avoir pris connaissance de ces conditions et les avoir accept\u00e9es. Celles-ci pourront \u00eatres modifi\u00e9es \u00e0 tout moment et &hellip; <a href=\"http:\/\/www.joel-villin.fr\/wp\/2018\/12\/27\/mentions-legales\/\" class=\"more-link\">Continuer la lecture de <span class=\"screen-reader-text\">Mentions L\u00e9gales<\/span><\/a><\/p>\n","protected":false},"author":1,"featured_media":0,"comment_status":"open","ping_status":"open","sticky":false,"template":"","format":"standard","meta":[],"categories":[1],"tags":[],"_links":{"self":[{"href":"http:\/\/www.joel-villin.fr\/wp\/wp-json\/wp\/v2\/posts\/576"}],"collection":[{"href":"http:\/\/www.joel-villin.fr\/wp\/wp-json\/wp\/v2\/posts"}],"about":[{"href":"http:\/\/www.joel-villin.fr\/wp\/wp-json\/wp\/v2\/types\/post"}],"author":[{"embeddable":true,"href":"http:\/\/www.joel-villin.fr\/wp\/wp-json\/wp\/v2\/users\/1"}],"replies":[{"embeddable":true,"href":"http:\/\/www.joel-villin.fr\/wp\/wp-json\/wp\/v2\/comments?post=576"}],"version-history":[{"count":2,"href":"http:\/\/www.joel-villin.fr\/wp\/wp-json\/wp\/v2\/posts\/576\/revisions"}],"predecessor-version":[{"id":578,"href":"http:\/\/www.joel-villin.fr\/wp\/wp-json\/wp\/v2\/posts\/576\/revisions\/578"}],"wp:attachment":[{"href":"http:\/\/www.joel-villin.fr\/wp\/wp-json\/wp\/v2\/media?parent=576"}],"wp:term":[{"taxonomy":"category","embeddable":true,"href":"http:\/\/www.joel-villin.fr\/wp\/wp-json\/wp\/v2\/categories?post=576"},{"taxonomy":"post_tag","embeddable":true,"href":"http:\/\/www.joel-villin.fr\/wp\/wp-json\/wp\/v2\/tags?post=576"}],"curies":[{"name":"wp","href":"https:\/\/api.w.org\/{rel}","templated":true}]}}